{"id":803,"date":"2023-06-08T19:06:00","date_gmt":"2023-06-08T19:06:00","guid":{"rendered":"https:\/\/apostolodaeucaristia.pt\/?p=803"},"modified":"2024-02-06T18:21:25","modified_gmt":"2024-02-06T18:21:25","slug":"apostolo-da-eucaristia","status":"publish","type":"post","link":"https:\/\/apostolodaeucaristia.pt\/index.php\/2023\/06\/08\/apostolo-da-eucaristia\/","title":{"rendered":"Pe. Ab\u00edlio: Ap\u00f3stolo da Eucaristia"},"content":{"rendered":"\n<p><strong>DI\u00c1RIO DO MINHO<\/strong><\/p>\n\n\n\n<p><\/p>\n\n\n\n<p>Esta edi\u00e7\u00e3o do Igreja Viva sai justamente no dia em que a Igreja celebra a Solenidade do Sant\u00edssimo Corpo e Sangue de Cristo, neste ano, 8 de junho. Experimentar a presen\u00e7a de Jesus Sacramentado, vivo em plenitude &#8211; Corpo, Sangue, Alma e Divindade &#8211; \u00e9 para todos n\u00f3s uma gra\u00e7a extraordin\u00e1ria. Neste dia trazemos um pouco da hist\u00f3ria do padre bracarense, Ab\u00edlio Gomes Correia, Servo de Deus, conhecido como \u201cAp\u00f3stolo da Eucaristia\u201d, para que, segundo o seu exemplo, exercitemos a nossa devo\u00e7\u00e3o e sejamos inspirados a amar, em total entrega, a Jesus Eucar\u00edstico.<br><br>Padre Ab\u00edlio nasceu em Padim da Gra\u00e7a, a 9 de Fevereiro de 1882. Foi ordenado sacerdote a 24 de setembro de 1904. Come\u00e7ou como auxiliar em Padim da Gra\u00e7a e capel\u00e3o da Irmandade do Senhor dos Passos de Cabreiros, sendo nomeado a 21 de Julho de 1907 p\u00e1roco de S. Mamede de Este, onde permaneceu (com duas interrup\u00e7\u00f5es), at\u00e9 \u00e0 data da sua morte, a 29 de Junho de 1967. No texto, com sua biografia, Monsenhor Silva Ara\u00fajo, descreve, entre outras coisas, assim a devo\u00e7\u00e3o: &#8220;Iniciou a renova\u00e7\u00e3o eucar\u00edstica em Portugal e foi um grande adorador do Sant\u00edssimo Sacramento. Durante sessenta anos praticou regularmente o seguinte hor\u00e1rio: das 22h at\u00e9 \u00e0 uma hora da manh\u00e3 estava em adora\u00e7\u00e3o na igreja; da uma at\u00e9 \u00e0s quatro, dormia; das quatro at\u00e9 \u00e0 hora da Missa voltava a estar na igreja. Depois da celebra\u00e7\u00e3o ficava longo tempo em a\u00e7\u00e3o de gra\u00e7as\u201d.<br><br>H\u00e1 ainda muito a aprender e descobrir com o testemunho de vida de padre Ab\u00edlio. Para isso, entrevistamos o Monsenhor M\u00e1rio Rui de Oliveira, Postulador da Causa de Beatifica\u00e7\u00e3o e Canoniza\u00e7\u00e3o do Servo de Deus.<br><br><\/p>\n\n\n\n<p><strong>Igreja Viva &#8211; Por que ficou conhecido como Ap\u00f3stolo da Eucaristia?<\/strong><br><strong>Mons. M\u00e1rio &#8211; <\/strong>Em 1922 o Servo de Deus Padre Ab\u00edlio Gomes Correia, p\u00e1roco de S\u00e3o Mamede d\u2019Este, em Braga, foi enviado a Roma para acompanhar o Arcebispo de Braga, D. Manuel Vieira de Matos, ao Congresso Eucar\u00edstico Internacional.<br>Regressou completamente extasiado, ardendo por dentro de amor e paix\u00e3o pelo Sant\u00edssimo Sacramento. N\u00e3o se sentia apenas o p\u00e1roco de S\u00e3o Mamede d\u2019Este, mas o mission\u00e1rio e o Ap\u00f3stolo da Eucaristia, consumido pelo fogo que n\u00e3o se consome e que o impelia a ir em miss\u00e3o. Prop\u00f5e-se, ent\u00e3o, organizar um Congresso Eucar\u00edstico Diocesano logo em 1923. Braga vestiu-se com roupa solene e domingueira para cantar desassombradamente a sua f\u00e9 eucar\u00edstica, fazendo tremer um pa\u00eds adormecido por uma pol\u00edtica adversa ao catolicismo.<br>Misteriosamente, como acontece com a semente, daquela ignorada terra de Braga come\u00e7a a germinar uma nova luz que alastrar\u00e1 por Portugal inteiro. Daquele pobre Sacr\u00e1rio nasceu a grande devo\u00e7\u00e3o ao Sant\u00edssimo Sacramento em Portugal Continental, ilhas e Col\u00f3nias.<br><br><strong>IV &#8211; Nos seus escritos \u00e9 referido que a Eucaristia deveria e deve ser o centro de toda a a\u00e7\u00e3o na Igreja. De que forma?<br>Mons. M\u00e1rio &#8211;<\/strong> Em 1915 o Servo de Deus publicou o primeiro n\u00famero da \u00fanica revista eucar\u00edstica que houve em Portugal, intitulada \u201cMensageiro Eucar\u00edstico\u201d. O Padre Ab\u00edlio tem tamb\u00e9m uma grande obra publicada, toda \u00e0 volta da Sant\u00edssima Eucaristia, da comunh\u00e3o, da devo\u00e7\u00e3o ao Sant\u00edssimo Sacramento, do catecismo, da Adora\u00e7\u00e3o Eucar\u00edstica, etc. Em toda a sua reflex\u00e3o nota-se essa preocupa\u00e7\u00e3o de educar o povo de Deus, desde a mais tenra idade at\u00e9 ao outono da vida para a centralidade desse mist\u00e9rio fundamental e maravilhoso que \u00e9 Jesus Eucaristia. Tudo o que ele ensina e exp\u00f5e, viveu intensamente. Ele sabe que Jesus Eucaristia \u00e9 a salva\u00e7\u00e3o. Dali tudo nasce, para ali tudo se dirige, ali tudo se concentra: a f\u00e9, a esperan\u00e7a, o amor. &#8220;Quem come a minha carne e bebe o meu sangue ter\u00e1 a vida eterna, diz o Senhor&#8221;.<\/p>\n\n\n\n<p><strong>IV &#8211; Como vivia essa intimidade com Jesus Eucar\u00edstico?<br>Mons. M\u00e1rio &#8211;<\/strong> Quando o Servo de Deus chegou \u00e0 par\u00f3quia de S\u00e3o Mamede d\u2019Este, nos in\u00edcios do s\u00e9culo XX, encontrou uma Igreja maltratada, quase em ru\u00ednas, tal era a pobreza daquele lugar. Foi recebido com indiferen\u00e7a. Sozinho, com sua m\u00e3e, naquele in\u00f3spito posto, apaixonou-se pelo pobre sacr\u00e1rio e pelo seu majestoso Senhor. Muitas eram as horas do dia que ali passava em ora\u00e7\u00e3o e em confid\u00eancia, mas cedo sentiu que o dia n\u00e3o era suficiente para dar conta de tanto ardor e fogo em seu cora\u00e7\u00e3o. Come\u00e7ou, assim, a roubar horas \u00e0 noite para estar na presen\u00e7a do seu divino h\u00f3spede e amigo. A comunh\u00e3o era j\u00e1 t\u00e3o \u00edntima que n\u00e3o se sabia quem visitava quem, quem era quem naquele cora\u00e7\u00e3o que se faz \u00fanico quando um homem reza.<br>Dormia tr\u00eas horas apenas, e no resto, adorava o Sant\u00edssimo Sacramento, atendia o seu povo, que lhe fora confiado por Deus, e que devagarinho aprendia a convers\u00e3o e se entusiasmava \u00e0 medida que conhecia a devo\u00e7\u00e3o e amor do seu santo pastor pela Divina Eucaristia e pelos pobres da comunidade.<br>No outono da sua vida sentiu diminuir as for\u00e7as. Nos \u00faltimos dois anos cegou quase por completo. Recusou os<br>tratamentos, ainda pouco conhecidos naquela \u00e9poca, e renunciou \u00e0 opera\u00e7\u00e3o exclamando: \u201cj\u00e1 vivi demasiado tempo para fora; agora quero olhar para dentro, para o H\u00f3spede Divino da minha alma\u201d.<\/p>\n\n\n\n<p><strong>IV &#8211; De acordo com o seu conhecimento, o que nos pode dizer da fras<\/strong>e que o Padre Ab\u00edlio deixou gravada na par\u00f3quia: \u201ca Eucaristia \u00e9 o C\u00e9u trasladado \u00e0 terra, para fazer da terra um C\u00e9u\u201d.<br><strong>Mons. M\u00e1rio &#8211; <\/strong>O Servo de Deus sabia que o \u00fanico modo de vencer as adversidades \u00e9 a ora\u00e7\u00e3o e a adora\u00e7\u00e3o ao Sant\u00edssimo Sacramento. O Padre Ab\u00edlio precisou apenas de alguns anos para revolucionar santamente a sua comunidade paroquial e pegar um fogo santo a uma na\u00e7\u00e3o inteira: o p\u00e1roco era amado e peitado, a igreja estava limpa e impecavelmente cuidada; as crian\u00e7as todas inscritas nos Pagens da Eucaristia; as fam\u00edlias tinham consagrado as suas casas ao Sagrado Cora\u00e7\u00e3o de Jesus; os homens passavam a noite do primeiro S\u00e1bado para Domingo em Adora\u00e7\u00e3o ao Sant\u00edssimo Sacramento; as mulheres faziam adora\u00e7\u00e3o durante o dia; os costumes e os modos de viver da gente eram agora orientados pelos valores do Evangelho, etc.<br>Em 1954, no dia em que completava cinquenta anos de sacerd\u00f3cio, cumpriu um sonho: inaugurou o monumento em honra do Cora\u00e7\u00e3o Eucar\u00edstico de Jesus, no topo da colina da sua par\u00f3quia, no monte Chamor, com mais de 20 metros de altura, o primeiro e \u00fanico em Portugal.<br>Centrado completamente no essencial, antecipando as grandes afirma\u00e7\u00f5es do Conc\u00edlio Vaticano II, sobre a Eucaristia como fonte e auge de toda a vida crist\u00e3, o Padre Ab\u00edlio deixou gravado n\u00e3o apenas na par\u00f3quia, mas no cora\u00e7\u00e3o de todos os seus fi\u00e9is que a centralidade da Eucaristia, mist\u00e9rio de amor e de completa doa\u00e7\u00e3o, \u00e9 a \u00fanica realidade capaz de transformar este mundo e fazer dele qualquer coisa que se assemelha ao c\u00e9u.<\/p>\n\n\n\n<p><strong>IV &#8211; Deve-se a ele o I Congresso Eucar\u00edstico Nacional, que teve lugar em Braga de 2 a 7 de Julho de 1924?<\/strong><br><strong>Mons. M\u00e1rio &#8211;<\/strong> Com o dinheiro que sobrou do Congresso Eucar\u00edstico Arquidiocesano de Braga, em 1923, o pobre cura da aldeia, a quem chamariam mais tarde o Cura d\u2019Ars portugu\u00eas, teve a inspirada ideia de organizar o Primeiro Congresso Nacional Eucar\u00edstico, em Braga, em 1924.<br>Todo o Episcopado portugu\u00eas esteve presente e algumas pessoas ilustres, que ficaram para a hist\u00f3ria da na\u00e7\u00e3o, da Igreja e da santidade, apresentaram alguns temas: Ant\u00f3nio de Oliveira Salazar, Manuel Gon\u00e7alves Cerejeira e o estudante poeta Bernardo de Vasconcelos, que morreu com apenas 30 anos e que tem o processo de Beatifica\u00e7\u00e3o a decorrer em Roma, tendo sido j\u00e1 declarado \u201cVener\u00e1vel\u201d. No encerramento estavam mais de 380 mil pessoas.<br><br><strong>IV &#8211; Como o exemplo do Padre Ab\u00edlio nos pode despertar para a santidade e para o amor \u00e0 Eucaristia?<\/strong><br><strong>Mons. M\u00e1rio &#8211;<\/strong> A santidade \u00e9 o vestido mais belo que endossa a Igreja, corpo m\u00edstico do Senhor, \u201cpovo unido pela unidade do Pai e do Filho e do Esp\u00edrito Santo\u201d (LG 4), e \u00e9 por ela que a Igreja se torna mestra de humanidade e sinal pur\u00edssimo da alegria. O escritor Le\u00f3n Bloy escreveu um dia que na vida \u201cexiste apenas uma tristeza: a de n\u00e3o ser santo\u201d.<br>A santidade n\u00e3o existe sem a Eucaristia e esta \u00e9 a fonte e o centro de toda a vida crist\u00e3 como nos recordou o Conc\u00edlio Vaticano II e o magist\u00e9rio da Igreja. Como escreveu o Papa Bento XVI, a Eucaristia \u00e9 Cristo que Se d\u00e1 a n\u00f3s, edificando-nos continuamente como seu corpo. A Eucaristia edifica a Igreja e a pr\u00f3pria Igreja faz a Eucaristia. A Igreja pode celebrar e adorar o mist\u00e9rio de Cristo presente na Eucaristia, precisamente porque o pr\u00f3prio Cristo se deu primeiro a ela no sacrif\u00edcio da Cruz.<br><br><strong>IV &#8211; Em que fase a causa de canoniza\u00e7\u00e3o se encontra?<\/strong><br><strong>Mons. M\u00e1rio &#8211;<\/strong> A Congrega\u00e7\u00e3o das Causas dos Santos, em Roma, no dia 2 de Fevereiro (Festa da Apresenta\u00e7\u00e3o do Senhor), aprovou juridicamente o processo de beatifica\u00e7\u00e3o e canoniza\u00e7\u00e3o do Servo de Deus Padre Ab\u00edlio. Isto significa, antes de mais, que a causa entrou, formalmente, na fase romana, depois de ter conhecido uma longa, \u00e1rdua e muito compensadora fase diocesana. O processo iniciou h\u00e1 vinte e cinco anos (29 de setembro de 1997), mas nunca esmoreceu, ainda que tenha conhecido, como \u00e9 normal, alguns per\u00edodos de aparente entorpecimento.<br><br>O importante agora \u00e9 n\u00e3o esmorecer e acolher a grande oportunidade que ser\u00e1 a celebra\u00e7\u00e3o da efem\u00e9ride dos 100 anos do primeiro Congresso Eucar\u00edstico Nacional (1924) para dar um novo impulso \u00e0 causa. A prepara\u00e7\u00e3o da <em>Positio<\/em>, que \u00e9 a s\u00edntese de todo o processo diocesano, para aprecia\u00e7\u00e3o dos cardeais e depois do Papa deveria ser acompanhada de uma grande campanha de ora\u00e7\u00e3o e sensibiliza\u00e7\u00e3o para que este grande homem de Deus e da Igreja possa chegar \u00e0s honras dos altares e \u00e0 devo\u00e7\u00e3o e culto universal da Igreja.<br><br>Sem a nossa ora\u00e7\u00e3o e sacrif\u00edcio o Padre Ab\u00edlio n\u00e3o chegar\u00e1 aos altares. Rezemos e fa\u00e7amos um esfor\u00e7o por conhecer melhor a vida e o minist\u00e9rio deste grande pastor e para que o Senhor nos favore\u00e7a com as suas gra\u00e7as e os seus milagres.<\/p>\n\n\n\n<p class=\"has-text-align-right\"><em>. Renata Rodrigues<\/em><br><\/p>\n","protected":false},"excerpt":{"rendered":"<p>Esta edi\u00e7\u00e3o do Igreja Viva sai justamente no dia em que a Igreja celebra a Solenidade do Sant\u00edssimo Corpo e Sangue de Cristo, neste ano, 8 de junho. Experimentar a presen\u00e7a de Jesus Sacramentado, vivo em plenitude &#8211; Corpo, Sangue, Alma e Divindade &#8211; \u00e9 para todos n\u00f3s uma gra\u00e7a extraordin\u00e1ria. Neste dia trazemos um pouco da hist\u00f3ria do padre bracarense, Ab\u00edlio Gomes Correia,  Servo de Deus, conhecido como \u201cAp\u00f3stolo da Eucaristia\u201d, para que, segundo o seu  exemplo, exercitemos a nossa devo\u00e7\u00e3o e sejamos inspirados a amar, em total entrega, a Jesus Eucar\u00edstico.<br \/>\nPadre Ab\u00edlio nasceu em Padim da Gra\u00e7a, a 9 de Fevereiro de 1882.<\/p>\n","protected":false},"author":3,"featured_media":882,"comment_status":"closed","ping_status":"closed","sticky":false,"template":"","format":"standard","meta":{"_monsterinsights_skip_tracking":false,"_monsterinsights_sitenote_active":false,"_monsterinsights_sitenote_note":"","_monsterinsights_sitenote_category":0,"footnotes":""},"categories":[9],"tags":[],"aioseo_notices":[],"_links":{"self":[{"href":"https:\/\/apostolodaeucaristia.pt\/index.php\/wp-json\/wp\/v2\/posts\/803"}],"collection":[{"href":"https:\/\/apostolodaeucaristia.pt\/index.php\/wp-json\/wp\/v2\/posts"}],"about":[{"href":"https:\/\/apostolodaeucaristia.pt\/index.php\/wp-json\/wp\/v2\/types\/post"}],"author":[{"embeddable":true,"href":"https:\/\/apostolodaeucaristia.pt\/index.php\/wp-json\/wp\/v2\/users\/3"}],"replies":[{"embeddable":true,"href":"https:\/\/apostolodaeucaristia.pt\/index.php\/wp-json\/wp\/v2\/comments?post=803"}],"version-history":[{"count":9,"href":"https:\/\/apostolodaeucaristia.pt\/index.php\/wp-json\/wp\/v2\/posts\/803\/revisions"}],"predecessor-version":[{"id":909,"href":"https:\/\/apostolodaeucaristia.pt\/index.php\/wp-json\/wp\/v2\/posts\/803\/revisions\/909"}],"wp:featuredmedia":[{"embeddable":true,"href":"https:\/\/apostolodaeucaristia.pt\/index.php\/wp-json\/wp\/v2\/media\/882"}],"wp:attachment":[{"href":"https:\/\/apostolodaeucaristia.pt\/index.php\/wp-json\/wp\/v2\/media?parent=803"}],"wp:term":[{"taxonomy":"category","embeddable":true,"href":"https:\/\/apostolodaeucaristia.pt\/index.php\/wp-json\/wp\/v2\/categories?post=803"},{"taxonomy":"post_tag","embeddable":true,"href":"https:\/\/apostolodaeucaristia.pt\/index.php\/wp-json\/wp\/v2\/tags?post=803"}],"curies":[{"name":"wp","href":"https:\/\/api.w.org\/{rel}","templated":true}]}}